{"id":1066,"date":"2020-10-15T00:04:46","date_gmt":"2020-10-15T00:04:46","guid":{"rendered":"http:\/\/activa-cye.com\/?p=1066"},"modified":"2023-08-03T08:29:37","modified_gmt":"2023-08-03T08:29:37","slug":"impresion-sobre-lienzo","status":"publish","type":"post","link":"https:\/\/www.activacomunicacion.com\/index.php\/2020\/10\/15\/impresion-sobre-lienzo\/","title":{"rendered":"IMPRESI\u00d3N SOBRE LIENZO"},"content":{"rendered":"\n<p>DEJA CONSTANCIA DE MOMENTOS IMPORTANTES<\/p>\n\n\n\n<p><br><img loading=\"lazy\" decoding=\"async\" height=\"16\" width=\"16\" src=\"https:\/\/www.activacomunicacion.com\/wp-content\/uploads\/2023\/07\/1f449_1f3fb.png\" alt=\"\ud83d\udc49\ud83c\udffb\">En esta agencia de comunicaci\u00f3n, adaptamos tus im\u00e1genes para su impresi\u00f3n en lienzo o bien, llevamos a cabo el dise\u00f1o que nos pidas.<br><img loading=\"lazy\" decoding=\"async\" height=\"16\" width=\"16\" src=\"https:\/\/www.activacomunicacion.com\/wp-content\/uploads\/2023\/07\/2705.png\" alt=\"\u2705\">Recuerdos, imagen corporativa, indicaciones, lo que necesitas, te lo preparamos.<br>\u00bfEmpezamos a trabajar juntos?\u00a0<img loading=\"lazy\" decoding=\"async\" height=\"16\" width=\"16\" src=\"https:\/\/www.activacomunicacion.com\/wp-content\/uploads\/2023\/07\/1f4de.png\" alt=\"\ud83d\udcde\">659-18-57-20\u00a0<img loading=\"lazy\" decoding=\"async\" height=\"16\" width=\"16\" src=\"https:\/\/www.activacomunicacion.com\/wp-content\/uploads\/2023\/07\/1f310.png\" alt=\"\ud83c\udf10\"><a rel=\"noreferrer noopener\" href=\"https:\/\/activa-cye.com\/contacto\/?fbclid=IwAR0tqtEqtyZ9WJgGiD4C865gH9JFk7DJp18YID1hrnaZwOU5QKCwR4aFLoQ\" target=\"_blank\"><a href=\"https:\/\/www.activacomunicacion.com\" data-type=\"URL\" data-id=\"https:\/\/www.activacomunicacion.com\">https:\/\/www.activacomunicacion.com<\/a><\/a><\/p>\n","protected":false},"excerpt":{"rendered":"<p>DEJA CONSTANCIA DE MOMENTOS IMPORTANTES En esta agencia de comunicaci\u00f3n, adaptamos tus im\u00e1genes para su impresi\u00f3n en lienzo o bien, llevamos a cabo el dise\u00f1o que nos pidas.Recuerdos, imagen corporativa, indicaciones, lo que necesitas, te lo preparamos.\u00bfEmpezamos a trabajar juntos?\u00a0659-18-57-20\u00a0https:\/\/www.activacomunicacion.com<\/p>\n","protected":false},"author":4,"featured_media":3630,"comment_status":"closed","ping_status":"closed","sticky":false,"template":"","format":"standard","meta":{"_et_pb_use_builder":"","_et_pb_old_content":"","_et_gb_content_width":"","footnotes":""},"categories":[34,51],"tags":[],"class_list":["post-1066","post","type-post","status-publish","format-standard","has-post-thumbnail","hentry","category-diseno","category-impresion"],"_links":{"self":[{"href":"https:\/\/www.activacomunicacion.com\/index.php\/wp-json\/wp\/v2\/posts\/1066","targetHints":{"allow":["GET"]}}],"collection":[{"href":"https:\/\/www.activacomunicacion.com\/index.php\/wp-json\/wp\/v2\/posts"}],"about":[{"href":"https:\/\/www.activacomunicacion.com\/index.php\/wp-json\/wp\/v2\/types\/post"}],"author":[{"embeddable":true,"href":"https:\/\/www.activacomunicacion.com\/index.php\/wp-json\/wp\/v2\/users\/4"}],"replies":[{"embeddable":true,"href":"https:\/\/www.activacomunicacion.com\/index.php\/wp-json\/wp\/v2\/comments?post=1066"}],"version-history":[{"count":1,"href":"https:\/\/www.activacomunicacion.com\/index.php\/wp-json\/wp\/v2\/posts\/1066\/revisions"}],"predecessor-version":[{"id":3631,"href":"https:\/\/www.activacomunicacion.com\/index.php\/wp-json\/wp\/v2\/posts\/1066\/revisions\/3631"}],"wp:featuredmedia":[{"embeddable":true,"href":"https:\/\/www.activacomunicacion.com\/index.php\/wp-json\/wp\/v2\/media\/3630"}],"wp:attachment":[{"href":"https:\/\/www.activacomunicacion.com\/index.php\/wp-json\/wp\/v2\/media?parent=1066"}],"wp:term":[{"taxonomy":"category","embeddable":true,"href":"https:\/\/www.activacomunicacion.com\/index.php\/wp-json\/wp\/v2\/categories?post=1066"},{"taxonomy":"post_tag","embeddable":true,"href":"https:\/\/www.activacomunicacion.com\/index.php\/wp-json\/wp\/v2\/tags?post=1066"}],"curies":[{"name":"wp","href":"https:\/\/api.w.org\/{rel}","templated":true}]}}