{"id":207,"date":"2019-10-29T23:04:59","date_gmt":"2019-10-29T23:04:59","guid":{"rendered":"https:\/\/activacye.wordpress.com\/?p=207"},"modified":"2023-08-03T09:27:00","modified_gmt":"2023-08-03T09:27:00","slug":"da-a-conocer-tu-trabajo","status":"publish","type":"post","link":"https:\/\/www.activacomunicacion.com\/index.php\/2019\/10\/29\/da-a-conocer-tu-trabajo\/","title":{"rendered":"Da a conocer tu trabajo"},"content":{"rendered":"<p><span class=\"_5mfr\"><span class=\"_6qdm\">\u2705<\/span><\/span>Dar a conocer el trabajo de las asociaciones, es algo esencial del tejido asociativo.<br \/>\n<span class=\"_5mfr\"><span class=\"_6qdm\">\u27a1\ufe0f<\/span><\/span>En este caso, actividades que una asociaci\u00f3n lleva a cabo para sus asociados y publico en general, y que representa una gran labor de prestaci\u00f3n y de realizaci\u00f3n, durante un largo tiempo.<br \/>\n<span class=\"_5mfr\"><span class=\"_6qdm\">\ud83d\udc49\ud83c\udffb<\/span><\/span>Plasmamos a medida lo que nos pidieron; que quedara reflejado en el cartel que atrajese a la gente a a las diversas actividades, con un toque fresco y novedoso a lo que ven\u00edan acostumbrados pero manteniendo la esencia de la casa.<br \/>\n\u00bfQuieres algo as\u00ed para ti? Contacta con nosotros: 659 18 57 20.<\/p>\n<p><img loading=\"lazy\" decoding=\"async\" class=\"alignnone wp-image-211\" src=\"https:\/\/www.activacomunicacion.com\/wp-content\/uploads\/2023\/07\/60535024_2291583237781552_133311494195511296_o.jpg\" alt=\"\" width=\"509\" height=\"704\"><\/p>\n<p><img loading=\"lazy\" decoding=\"async\" class=\"alignnone wp-image-209\" src=\"https:\/\/www.activacomunicacion.com\/wp-content\/uploads\/2023\/07\/cartel_cyl_fondo.png\" alt=\"\" width=\"508\" height=\"702\"><\/p>\n","protected":false},"excerpt":{"rendered":"<p>\u2705Dar a conocer el trabajo de las asociaciones, es algo esencial del tejido asociativo. \u27a1\ufe0fEn este caso, actividades que una asociaci\u00f3n lleva a cabo para sus asociados y publico en general, y que representa una gran labor de prestaci\u00f3n y de realizaci\u00f3n, durante un largo tiempo. \ud83d\udc49\ud83c\udffbPlasmamos a medida lo que nos pidieron; que quedara [&hellip;]<\/p>\n","protected":false},"author":4,"featured_media":3745,"comment_status":"open","ping_status":"closed","sticky":false,"template":"","format":"standard","meta":{"_et_pb_use_builder":"","_et_pb_old_content":"","_et_gb_content_width":"","footnotes":""},"categories":[39,34,27],"tags":[22,23,24,25],"class_list":["post-207","post","type-post","status-publish","format-standard","has-post-thumbnail","hentry","category-carteleria","category-diseno","category-servicios","tag-activa_","tag-comunicacion","tag-diseno-grafico","tag-impresion"],"_links":{"self":[{"href":"https:\/\/www.activacomunicacion.com\/index.php\/wp-json\/wp\/v2\/posts\/207","targetHints":{"allow":["GET"]}}],"collection":[{"href":"https:\/\/www.activacomunicacion.com\/index.php\/wp-json\/wp\/v2\/posts"}],"about":[{"href":"https:\/\/www.activacomunicacion.com\/index.php\/wp-json\/wp\/v2\/types\/post"}],"author":[{"embeddable":true,"href":"https:\/\/www.activacomunicacion.com\/index.php\/wp-json\/wp\/v2\/users\/4"}],"replies":[{"embeddable":true,"href":"https:\/\/www.activacomunicacion.com\/index.php\/wp-json\/wp\/v2\/comments?post=207"}],"version-history":[{"count":1,"href":"https:\/\/www.activacomunicacion.com\/index.php\/wp-json\/wp\/v2\/posts\/207\/revisions"}],"predecessor-version":[{"id":3746,"href":"https:\/\/www.activacomunicacion.com\/index.php\/wp-json\/wp\/v2\/posts\/207\/revisions\/3746"}],"wp:featuredmedia":[{"embeddable":true,"href":"https:\/\/www.activacomunicacion.com\/index.php\/wp-json\/wp\/v2\/media\/3745"}],"wp:attachment":[{"href":"https:\/\/www.activacomunicacion.com\/index.php\/wp-json\/wp\/v2\/media?parent=207"}],"wp:term":[{"taxonomy":"category","embeddable":true,"href":"https:\/\/www.activacomunicacion.com\/index.php\/wp-json\/wp\/v2\/categories?post=207"},{"taxonomy":"post_tag","embeddable":true,"href":"https:\/\/www.activacomunicacion.com\/index.php\/wp-json\/wp\/v2\/tags?post=207"}],"curies":[{"name":"wp","href":"https:\/\/api.w.org\/{rel}","templated":true}]}}