{"id":3336,"date":"2020-01-27T00:08:55","date_gmt":"2020-01-27T00:08:55","guid":{"rendered":"https:\/\/activacye.wordpress.com\/?p=277"},"modified":"2023-08-03T09:19:50","modified_gmt":"2023-08-03T09:19:50","slug":"anade-un-toque-diferente-a-tu-evento","status":"publish","type":"post","link":"https:\/\/www.activacomunicacion.com\/index.php\/2020\/01\/27\/anade-un-toque-diferente-a-tu-evento\/","title":{"rendered":"A\u00f1ade un toque diferente a tu evento"},"content":{"rendered":"<p><span class=\"_5mfr\"><span class=\"_6qdm\">\ud83d\udccc<\/span><\/span>Es importante que en los momentos especiales, brilles, marques la diferencia, destaques y crees un buen recuerdo.<br \/>\n<span class=\"_5mfr\"><span class=\"_6qdm\">\u27a1\ufe0f<\/span><\/span>En esta agencia de comunicaci\u00f3n, te ayudamos a lucirte, dise\u00f1amos tu photocall, fondo, rollup, lo que necesites para ese d\u00eda especial; para empresas, de instituci\u00f3n, de partido pol\u00edtico, de bodas, bautizos&#8230; as\u00ed como accesorios para las fotograf\u00edas, marcos, acartonados, etc, como este templo, en el que se hizo, lo que unos novios pidieron a medida.<br \/>\n<span class=\"_5mfr\"><span class=\"_6qdm\">\u2705<\/span><\/span>Contacta con nosotros y lidera tu sector, triunfa en tu evento no olvid\u00e1ndote de ning\u00fan detalle. Contacta con nosotros <span class=\"_5mfr\"><span class=\"_6qdm\">\ud83d\udcde<\/span><\/span> 659 18 57 20<\/p>\n<p><img loading=\"lazy\" decoding=\"async\" class=\"alignnone  wp-image-280\" src=\"https:\/\/www.activacomunicacion.com\/wp-content\/uploads\/2023\/07\/69456082_2360315717574970_7997669317825003520_o.jpg\" alt=\"\" width=\"450\" height=\"546\"><\/p>\n<p><img loading=\"lazy\" decoding=\"async\" class=\"alignnone  wp-image-279\" src=\"https:\/\/www.activacomunicacion.com\/wp-content\/uploads\/2023\/07\/69265664_2360315687574973_4458340198308118528_o.jpg\" alt=\"\" width=\"449\" height=\"337\"> &nbsp;<img loading=\"lazy\" decoding=\"async\" class=\"alignnone  wp-image-281\" src=\"https:\/\/www.activacomunicacion.com\/wp-content\/uploads\/2023\/07\/69624524_2360315707574971_5551503924550172672_o.jpg\" alt=\"\" width=\"449\" height=\"599\"><\/p>\n","protected":false},"excerpt":{"rendered":"<p>\ud83d\udcccEs importante que en los momentos especiales, brilles, marques la diferencia, destaques y crees un buen recuerdo. \u27a1\ufe0fEn esta agencia de comunicaci\u00f3n, te ayudamos a lucirte, dise\u00f1amos tu photocall, fondo, rollup, lo que necesites para ese d\u00eda especial; para empresas, de instituci\u00f3n, de partido pol\u00edtico, de bodas, bautizos&#8230; as\u00ed como accesorios para las fotograf\u00edas, marcos, [&hellip;]<\/p>\n","protected":false},"author":4,"featured_media":3719,"comment_status":"open","ping_status":"closed","sticky":false,"template":"","format":"standard","meta":{"_et_pb_use_builder":"","_et_pb_old_content":"","_et_gb_content_width":"","footnotes":""},"categories":[34,30,33,27],"tags":[22,23,24,25],"class_list":["post-3336","post","type-post","status-publish","format-standard","has-post-thumbnail","hentry","category-diseno","category-partidos-politicos","category-pymes","category-servicios","tag-activa_","tag-comunicacion","tag-diseno-grafico","tag-impresion"],"_links":{"self":[{"href":"https:\/\/www.activacomunicacion.com\/index.php\/wp-json\/wp\/v2\/posts\/3336","targetHints":{"allow":["GET"]}}],"collection":[{"href":"https:\/\/www.activacomunicacion.com\/index.php\/wp-json\/wp\/v2\/posts"}],"about":[{"href":"https:\/\/www.activacomunicacion.com\/index.php\/wp-json\/wp\/v2\/types\/post"}],"author":[{"embeddable":true,"href":"https:\/\/www.activacomunicacion.com\/index.php\/wp-json\/wp\/v2\/users\/4"}],"replies":[{"embeddable":true,"href":"https:\/\/www.activacomunicacion.com\/index.php\/wp-json\/wp\/v2\/comments?post=3336"}],"version-history":[{"count":1,"href":"https:\/\/www.activacomunicacion.com\/index.php\/wp-json\/wp\/v2\/posts\/3336\/revisions"}],"predecessor-version":[{"id":3720,"href":"https:\/\/www.activacomunicacion.com\/index.php\/wp-json\/wp\/v2\/posts\/3336\/revisions\/3720"}],"wp:featuredmedia":[{"embeddable":true,"href":"https:\/\/www.activacomunicacion.com\/index.php\/wp-json\/wp\/v2\/media\/3719"}],"wp:attachment":[{"href":"https:\/\/www.activacomunicacion.com\/index.php\/wp-json\/wp\/v2\/media?parent=3336"}],"wp:term":[{"taxonomy":"category","embeddable":true,"href":"https:\/\/www.activacomunicacion.com\/index.php\/wp-json\/wp\/v2\/categories?post=3336"},{"taxonomy":"post_tag","embeddable":true,"href":"https:\/\/www.activacomunicacion.com\/index.php\/wp-json\/wp\/v2\/tags?post=3336"}],"curies":[{"name":"wp","href":"https:\/\/api.w.org\/{rel}","templated":true}]}}