{"id":3344,"date":"2020-04-01T23:24:01","date_gmt":"2020-04-01T23:24:01","guid":{"rendered":"http:\/\/activa-cye.com\/?p=828"},"modified":"2023-08-03T09:10:49","modified_gmt":"2023-08-03T09:10:49","slug":"felicitaciones-para-momentos-especiales","status":"publish","type":"post","link":"https:\/\/www.activacomunicacion.com\/index.php\/2020\/04\/01\/felicitaciones-para-momentos-especiales\/","title":{"rendered":"Felicitaciones para momentos especiales"},"content":{"rendered":"<p><span class=\"_5mfr\"><span class=\"_6qdm\">\ud83d\udc49\ud83c\udffb<\/span><\/span>En la \u00e9poca del a\u00f1o de felicitaciones a amig@s, compa\u00f1er@s, trabajador@s, vecin@s&#8230; ect, y agradecer lo aportado durante el a\u00f1o invitarles a alg\u00fan evento.<br \/>\n<span class=\"_5mfr\"><span class=\"_6qdm\">\u2705<\/span><\/span>En esta agencia de comunicaci\u00f3n, dise\u00f1amos tus felicitaciones, tus invitaciones para eventos en Navidad y\/o A\u00f1o Nuevo. A tu medida, como nos lo pidas.<br \/>\n<span class=\"_5mfr\"><span class=\"_6qdm\">\u27a1\ufe0f<\/span><\/span>Adem\u00e1s, si las necesitas en formato f\u00edsico, nos encargamos de la impresi\u00f3n, en el material que quieras.<\/p>\n","protected":false},"excerpt":{"rendered":"<p>\ud83d\udc49\ud83c\udffbEn la \u00e9poca del a\u00f1o de felicitaciones a amig@s, compa\u00f1er@s, trabajador@s, vecin@s&#8230; ect, y agradecer lo aportado durante el a\u00f1o invitarles a alg\u00fan evento. \u2705En esta agencia de comunicaci\u00f3n, dise\u00f1amos tus felicitaciones, tus invitaciones para eventos en Navidad y\/o A\u00f1o Nuevo. A tu medida, como nos lo pidas. \u27a1\ufe0fAdem\u00e1s, si las necesitas en formato f\u00edsico, [&hellip;]<\/p>\n","protected":false},"author":4,"featured_media":3698,"comment_status":"closed","ping_status":"closed","sticky":false,"template":"","format":"standard","meta":{"_et_pb_use_builder":"","_et_pb_old_content":"","_et_gb_content_width":"","footnotes":""},"categories":[39,34,40,47,51],"tags":[22,23,24,29],"class_list":["post-3344","post","type-post","status-publish","format-standard","has-post-thumbnail","hentry","category-carteleria","category-diseno","category-estrategia-en-red","category-eventos","category-impresion","tag-activa_","tag-comunicacion","tag-diseno-grafico","tag-infografias"],"_links":{"self":[{"href":"https:\/\/www.activacomunicacion.com\/index.php\/wp-json\/wp\/v2\/posts\/3344","targetHints":{"allow":["GET"]}}],"collection":[{"href":"https:\/\/www.activacomunicacion.com\/index.php\/wp-json\/wp\/v2\/posts"}],"about":[{"href":"https:\/\/www.activacomunicacion.com\/index.php\/wp-json\/wp\/v2\/types\/post"}],"author":[{"embeddable":true,"href":"https:\/\/www.activacomunicacion.com\/index.php\/wp-json\/wp\/v2\/users\/4"}],"replies":[{"embeddable":true,"href":"https:\/\/www.activacomunicacion.com\/index.php\/wp-json\/wp\/v2\/comments?post=3344"}],"version-history":[{"count":1,"href":"https:\/\/www.activacomunicacion.com\/index.php\/wp-json\/wp\/v2\/posts\/3344\/revisions"}],"predecessor-version":[{"id":3699,"href":"https:\/\/www.activacomunicacion.com\/index.php\/wp-json\/wp\/v2\/posts\/3344\/revisions\/3699"}],"wp:featuredmedia":[{"embeddable":true,"href":"https:\/\/www.activacomunicacion.com\/index.php\/wp-json\/wp\/v2\/media\/3698"}],"wp:attachment":[{"href":"https:\/\/www.activacomunicacion.com\/index.php\/wp-json\/wp\/v2\/media?parent=3344"}],"wp:term":[{"taxonomy":"category","embeddable":true,"href":"https:\/\/www.activacomunicacion.com\/index.php\/wp-json\/wp\/v2\/categories?post=3344"},{"taxonomy":"post_tag","embeddable":true,"href":"https:\/\/www.activacomunicacion.com\/index.php\/wp-json\/wp\/v2\/tags?post=3344"}],"curies":[{"name":"wp","href":"https:\/\/api.w.org\/{rel}","templated":true}]}}