{"id":3346,"date":"2020-04-13T22:24:01","date_gmt":"2020-04-13T22:24:01","guid":{"rendered":"http:\/\/activa-cye.com\/?p=839"},"modified":"2023-08-03T09:09:35","modified_gmt":"2023-08-03T09:09:35","slug":"lo-que-necesites-en-diseno-grafico","status":"publish","type":"post","link":"https:\/\/www.activacomunicacion.com\/index.php\/2020\/04\/13\/lo-que-necesites-en-diseno-grafico\/","title":{"rendered":"Lo que necesites en dise\u00f1o gr\u00e1fico"},"content":{"rendered":"<p><span class=\"_5mfr\"><span class=\"_6qdm\">\u27a1\ufe0f<\/span><\/span>La marca, es el espejo de tu empresa, instituci\u00f3n, partido pol\u00edtico, asociaci\u00f3n&#8230;<br \/>\n<span class=\"_5mfr\"><span class=\"_6qdm\">\u2705<\/span><\/span>En esta agencia, construimos tu marca desde cero. Aportamos creatividad, frescura y profesionalidad para que crezcas y seas el l\u00edder en tu sector.<br \/>\n<span class=\"_5mfr\"><span class=\"_6qdm\">\ud83d\udc49\ud83c\udffb<\/span><\/span>Contacta con nosotros y empezamos a trabajar en lo que necesitas para que brilles m\u00e1s. 659-18-57-20<\/p>\n","protected":false},"excerpt":{"rendered":"<p>\u27a1\ufe0fLa marca, es el espejo de tu empresa, instituci\u00f3n, partido pol\u00edtico, asociaci\u00f3n&#8230; \u2705En esta agencia, construimos tu marca desde cero. Aportamos creatividad, frescura y profesionalidad para que crezcas y seas el l\u00edder en tu sector. \ud83d\udc49\ud83c\udffbContacta con nosotros y empezamos a trabajar en lo que necesitas para que brilles m\u00e1s. 659-18-57-20<\/p>\n","protected":false},"author":4,"featured_media":3694,"comment_status":"closed","ping_status":"closed","sticky":false,"template":"","format":"standard","meta":{"_et_pb_use_builder":"","_et_pb_old_content":"","_et_gb_content_width":"","footnotes":""},"categories":[34,28],"tags":[22,45,31,23,32,24,52,29,53],"class_list":["post-3346","post","type-post","status-publish","format-standard","has-post-thumbnail","hentry","category-diseno","category-gestion","tag-activa_","tag-carteleria","tag-compol","tag-comunicacion","tag-comunitymanager","tag-diseno-grafico","tag-estrategia-en-red","tag-infografias","tag-maquetacion"],"_links":{"self":[{"href":"https:\/\/www.activacomunicacion.com\/index.php\/wp-json\/wp\/v2\/posts\/3346","targetHints":{"allow":["GET"]}}],"collection":[{"href":"https:\/\/www.activacomunicacion.com\/index.php\/wp-json\/wp\/v2\/posts"}],"about":[{"href":"https:\/\/www.activacomunicacion.com\/index.php\/wp-json\/wp\/v2\/types\/post"}],"author":[{"embeddable":true,"href":"https:\/\/www.activacomunicacion.com\/index.php\/wp-json\/wp\/v2\/users\/4"}],"replies":[{"embeddable":true,"href":"https:\/\/www.activacomunicacion.com\/index.php\/wp-json\/wp\/v2\/comments?post=3346"}],"version-history":[{"count":1,"href":"https:\/\/www.activacomunicacion.com\/index.php\/wp-json\/wp\/v2\/posts\/3346\/revisions"}],"predecessor-version":[{"id":3695,"href":"https:\/\/www.activacomunicacion.com\/index.php\/wp-json\/wp\/v2\/posts\/3346\/revisions\/3695"}],"wp:featuredmedia":[{"embeddable":true,"href":"https:\/\/www.activacomunicacion.com\/index.php\/wp-json\/wp\/v2\/media\/3694"}],"wp:attachment":[{"href":"https:\/\/www.activacomunicacion.com\/index.php\/wp-json\/wp\/v2\/media?parent=3346"}],"wp:term":[{"taxonomy":"category","embeddable":true,"href":"https:\/\/www.activacomunicacion.com\/index.php\/wp-json\/wp\/v2\/categories?post=3346"},{"taxonomy":"post_tag","embeddable":true,"href":"https:\/\/www.activacomunicacion.com\/index.php\/wp-json\/wp\/v2\/tags?post=3346"}],"curies":[{"name":"wp","href":"https:\/\/api.w.org\/{rel}","templated":true}]}}