{"id":3355,"date":"2020-06-09T22:52:49","date_gmt":"2020-06-09T22:52:49","guid":{"rendered":"http:\/\/activa-cye.com\/?p=921"},"modified":"2023-08-03T09:04:07","modified_gmt":"2023-08-03T09:04:07","slug":"realizacion-edicion-y-produccion-de-videoclip","status":"publish","type":"post","link":"https:\/\/www.activacomunicacion.com\/index.php\/2020\/06\/09\/realizacion-edicion-y-produccion-de-videoclip\/","title":{"rendered":"Realizaci\u00f3n, edici\u00f3n y producci\u00f3n de videoclip"},"content":{"rendered":"<p><span class=\"_5mfr\"><span class=\"_6qdm\">\u2705<\/span><\/span>Para liderar tu sector, debes innovar, atreverte y ser \u00fanico, as\u00ed como transmitir con claridad, precisi\u00f3n y ser conciso y nosotros queremos que traslades de la mejor manera tu producto.<br \/>\n<span class=\"_5mfr\"><span class=\"_6qdm\">\u27a1\ufe0f<\/span><\/span>Empresas, partidos pol\u00edticos, instituciones&#8230; Nos encargamos de la realizaci\u00f3n, producci\u00f3n, montaje de v\u00eddeos, a medida, promociones, entrevistas, spots&#8230; \u00bfEmpezamos a trabajar juntos? <span class=\"_5mfr\"><span class=\"_6qdm\">\ud83d\udcde<\/span><\/span>659-18-57-20 <span class=\"_5mfr\"><span class=\"_6qdm\">\ud83c\udf10<a href=\"https:\/\/www.activacomunicacion.com\">https:\/\/www.activacomunicacion.com<\/a><\/span><\/span><br \/>\n<span class=\"_5mfr\"><span class=\"_6qdm\">\ud83d\udc49\ud83c\udffb<\/span><\/span>Os dejamos un ejemplo de un trabajo realizado por activa_, el videoclip de \u00abLa Caja, Oviedo\u00bb de \u00abTroski Osuka\u00bb<\/p>\n<p>[youtube https:\/\/www.youtube.com\/watch?v=edFpWmTU4rM&amp;w=560&amp;h=315]<\/p>\n","protected":false},"excerpt":{"rendered":"<p>\u2705Para liderar tu sector, debes innovar, atreverte y ser \u00fanico, as\u00ed como transmitir con claridad, precisi\u00f3n y ser conciso y nosotros queremos que traslades de la mejor manera tu producto. \u27a1\ufe0fEmpresas, partidos pol\u00edticos, instituciones&#8230; Nos encargamos de la realizaci\u00f3n, producci\u00f3n, montaje de v\u00eddeos, a medida, promociones, entrevistas, spots&#8230; \u00bfEmpezamos a trabajar juntos? \ud83d\udcde659-18-57-20 \ud83c\udf10https:\/\/www.activacomunicacion.com \ud83d\udc49\ud83c\udffbOs [&hellip;]<\/p>\n","protected":false},"author":4,"featured_media":3674,"comment_status":"closed","ping_status":"closed","sticky":false,"template":"","format":"standard","meta":{"_et_pb_use_builder":"","_et_pb_old_content":"","_et_gb_content_width":"","footnotes":""},"categories":[28,33,27,46],"tags":[22,23,55],"class_list":["post-3355","post","type-post","status-publish","format-standard","has-post-thumbnail","hentry","category-gestion","category-pymes","category-servicios","category-video","tag-activa_","tag-comunicacion","tag-edicion"],"_links":{"self":[{"href":"https:\/\/www.activacomunicacion.com\/index.php\/wp-json\/wp\/v2\/posts\/3355","targetHints":{"allow":["GET"]}}],"collection":[{"href":"https:\/\/www.activacomunicacion.com\/index.php\/wp-json\/wp\/v2\/posts"}],"about":[{"href":"https:\/\/www.activacomunicacion.com\/index.php\/wp-json\/wp\/v2\/types\/post"}],"author":[{"embeddable":true,"href":"https:\/\/www.activacomunicacion.com\/index.php\/wp-json\/wp\/v2\/users\/4"}],"replies":[{"embeddable":true,"href":"https:\/\/www.activacomunicacion.com\/index.php\/wp-json\/wp\/v2\/comments?post=3355"}],"version-history":[{"count":1,"href":"https:\/\/www.activacomunicacion.com\/index.php\/wp-json\/wp\/v2\/posts\/3355\/revisions"}],"predecessor-version":[{"id":3675,"href":"https:\/\/www.activacomunicacion.com\/index.php\/wp-json\/wp\/v2\/posts\/3355\/revisions\/3675"}],"wp:featuredmedia":[{"embeddable":true,"href":"https:\/\/www.activacomunicacion.com\/index.php\/wp-json\/wp\/v2\/media\/3674"}],"wp:attachment":[{"href":"https:\/\/www.activacomunicacion.com\/index.php\/wp-json\/wp\/v2\/media?parent=3355"}],"wp:term":[{"taxonomy":"category","embeddable":true,"href":"https:\/\/www.activacomunicacion.com\/index.php\/wp-json\/wp\/v2\/categories?post=3355"},{"taxonomy":"post_tag","embeddable":true,"href":"https:\/\/www.activacomunicacion.com\/index.php\/wp-json\/wp\/v2\/tags?post=3355"}],"curies":[{"name":"wp","href":"https:\/\/api.w.org\/{rel}","templated":true}]}}