{"id":4553,"date":"2026-03-13T09:49:00","date_gmt":"2026-03-13T09:49:00","guid":{"rendered":"https:\/\/www.activacomunicacion.com\/?p=4553"},"modified":"2026-02-08T21:53:15","modified_gmt":"2026-02-08T21:53:15","slug":"maquetacion-e-impresion-de-revistas","status":"publish","type":"post","link":"https:\/\/www.activacomunicacion.com\/index.php\/2026\/03\/13\/maquetacion-e-impresion-de-revistas\/","title":{"rendered":"Maquetaci\u00f3n e impresi\u00f3n de revistas"},"content":{"rendered":"\n<p><\/p>\n\n\n\n<p>En&nbsp;<strong>Activa Comunicaci\u00f3n<\/strong>&nbsp;dise\u00f1amos, maquetamos e imprimimos&nbsp;<strong>revistas profesionales<\/strong>&nbsp;adaptadas a tu imagen y a tus necesidades.<\/p>\n\n\n\n<p>Cuidamos cada detalle: estructura, tipograf\u00eda, composici\u00f3n y calidad de impresi\u00f3n para lograr un resultado atractivo, claro y eficaz.<\/p>\n\n\n\n<p>Trabajamos en\u00a0<strong>diversos tama\u00f1os, formatos y materiales<\/strong>, desde publicaciones corporativas e institucionales hasta revistas culturales, comerciales o promocionales.<\/p>\n\n\n\n<p>Calidad, acabado profesional y producci\u00f3n a medida para que tu publicaci\u00f3n marque la diferencia.<\/p>\n\n\n\n<p><strong>Contacta con nosotros y cu\u00e9ntanos tu proyecto<\/strong><br>659 18 57 20<\/p>\n\n\n\n<hr class=\"wp-block-separator has-alpha-channel-opacity\"\/>\n\n\n\n<p><strong>#ActivaComunicaci\u00f3n #Maquetaci\u00f3n #Impresi\u00f3n #Revistas #Dise\u00f1oEditorial #Imprenta #Comunicaci\u00f3nVisual #Publicidad #ImagenCorporativa<\/strong><\/p>\n","protected":false},"excerpt":{"rendered":"<p>En&nbsp;Activa Comunicaci\u00f3n&nbsp;dise\u00f1amos, maquetamos e imprimimos&nbsp;revistas profesionales&nbsp;adaptadas a tu imagen y a tus necesidades. Cuidamos cada detalle: estructura, tipograf\u00eda, composici\u00f3n y calidad de impresi\u00f3n para lograr un resultado atractivo, claro y eficaz. Trabajamos en\u00a0diversos tama\u00f1os, formatos y materiales, desde publicaciones corporativas e institucionales hasta revistas culturales, comerciales o promocionales. Calidad, acabado profesional y producci\u00f3n a medida [&hellip;]<\/p>\n","protected":false},"author":4,"featured_media":4554,"comment_status":"open","ping_status":"closed","sticky":false,"template":"","format":"standard","meta":{"_et_pb_use_builder":"off","_et_pb_old_content":"","_et_gb_content_width":"","footnotes":""},"categories":[44,34,51,35],"tags":[329,24,312,25,53],"class_list":["post-4553","post","type-post","status-publish","format-standard","has-post-thumbnail","hentry","category-comunicacion","category-diseno","category-impresion","category-maquetacion","tag-diseno-editorial","tag-diseno-grafico","tag-imagen-corporativa","tag-impresion","tag-maquetacion"],"_links":{"self":[{"href":"https:\/\/www.activacomunicacion.com\/index.php\/wp-json\/wp\/v2\/posts\/4553","targetHints":{"allow":["GET"]}}],"collection":[{"href":"https:\/\/www.activacomunicacion.com\/index.php\/wp-json\/wp\/v2\/posts"}],"about":[{"href":"https:\/\/www.activacomunicacion.com\/index.php\/wp-json\/wp\/v2\/types\/post"}],"author":[{"embeddable":true,"href":"https:\/\/www.activacomunicacion.com\/index.php\/wp-json\/wp\/v2\/users\/4"}],"replies":[{"embeddable":true,"href":"https:\/\/www.activacomunicacion.com\/index.php\/wp-json\/wp\/v2\/comments?post=4553"}],"version-history":[{"count":1,"href":"https:\/\/www.activacomunicacion.com\/index.php\/wp-json\/wp\/v2\/posts\/4553\/revisions"}],"predecessor-version":[{"id":4555,"href":"https:\/\/www.activacomunicacion.com\/index.php\/wp-json\/wp\/v2\/posts\/4553\/revisions\/4555"}],"wp:featuredmedia":[{"embeddable":true,"href":"https:\/\/www.activacomunicacion.com\/index.php\/wp-json\/wp\/v2\/media\/4554"}],"wp:attachment":[{"href":"https:\/\/www.activacomunicacion.com\/index.php\/wp-json\/wp\/v2\/media?parent=4553"}],"wp:term":[{"taxonomy":"category","embeddable":true,"href":"https:\/\/www.activacomunicacion.com\/index.php\/wp-json\/wp\/v2\/categories?post=4553"},{"taxonomy":"post_tag","embeddable":true,"href":"https:\/\/www.activacomunicacion.com\/index.php\/wp-json\/wp\/v2\/tags?post=4553"}],"curies":[{"name":"wp","href":"https:\/\/api.w.org\/{rel}","templated":true}]}}