{"id":4584,"date":"2026-04-28T09:38:00","date_gmt":"2026-04-28T09:38:00","guid":{"rendered":"https:\/\/www.activacomunicacion.com\/?p=4584"},"modified":"2026-04-05T21:40:03","modified_gmt":"2026-04-05T21:40:03","slug":"diseno-y-fabricacion-de-chapas-personalizadas","status":"publish","type":"post","link":"https:\/\/www.activacomunicacion.com\/index.php\/2026\/04\/28\/diseno-y-fabricacion-de-chapas-personalizadas\/","title":{"rendered":"Dise\u00f1o y fabricaci\u00f3n de chapas personalizadas"},"content":{"rendered":"\n<p>\ud83c\udfa8En\u00a0<strong>Activa Comunicaci\u00f3n<\/strong>\u00a0dise\u00f1amos y fabricamos\u00a0<strong>chapas personalizadas<\/strong>\u00a0adaptadas a tu imagen, campa\u00f1a o evento, cuidando cada detalle para que tu mensaje destaque.<\/p>\n\n\n\n<p>Las chapas son un soporte cl\u00e1sico, econ\u00f3mico y muy efectivo para\u00a0<strong>dar visibilidad a tu marca<\/strong>, ideales para campa\u00f1as pol\u00edticas, eventos, merchandising o acciones promocionales.<\/p>\n\n\n\n<p>Trabajamos con diferentes tama\u00f1os, acabados y dise\u00f1os, ofreciendo un producto totalmente a medida que conecta con tu p\u00fablico de forma directa y cercana.<\/p>\n\n\n\n<p><strong>Haz que tu mensaje llegue m\u00e1s lejos. Contacta con nosotros:<\/strong>\u00a0659 18 57 20<\/p>\n\n\n\n<p>#ActivaComunicaci\u00f3n #Chapas #Merchandising #Dise\u00f1o #Publicidad #Branding<\/p>\n","protected":false},"excerpt":{"rendered":"<p>\ud83c\udfa8En\u00a0Activa Comunicaci\u00f3n\u00a0dise\u00f1amos y fabricamos\u00a0chapas personalizadas\u00a0adaptadas a tu imagen, campa\u00f1a o evento, cuidando cada detalle para que tu mensaje destaque. Las chapas son un soporte cl\u00e1sico, econ\u00f3mico y muy efectivo para\u00a0dar visibilidad a tu marca, ideales para campa\u00f1as pol\u00edticas, eventos, merchandising o acciones promocionales. Trabajamos con diferentes tama\u00f1os, acabados y dise\u00f1os, ofreciendo un producto totalmente a [&hellip;]<\/p>\n","protected":false},"author":4,"featured_media":4585,"comment_status":"open","ping_status":"closed","sticky":false,"template":"","format":"standard","meta":{"_et_pb_use_builder":"off","_et_pb_old_content":"","_et_gb_content_width":"","footnotes":""},"categories":[44,34,47,62,57],"tags":[340,341,23,24,264],"class_list":["post-4584","post","type-post","status-publish","format-standard","has-post-thumbnail","hentry","category-comunicacion","category-diseno","category-eventos","category-fabricacion-de-material-personalizado","category-merchandising","tag-chapas","tag-chapas-personalizadas","tag-comunicacion","tag-diseno-grafico","tag-publicidad"],"_links":{"self":[{"href":"https:\/\/www.activacomunicacion.com\/index.php\/wp-json\/wp\/v2\/posts\/4584","targetHints":{"allow":["GET"]}}],"collection":[{"href":"https:\/\/www.activacomunicacion.com\/index.php\/wp-json\/wp\/v2\/posts"}],"about":[{"href":"https:\/\/www.activacomunicacion.com\/index.php\/wp-json\/wp\/v2\/types\/post"}],"author":[{"embeddable":true,"href":"https:\/\/www.activacomunicacion.com\/index.php\/wp-json\/wp\/v2\/users\/4"}],"replies":[{"embeddable":true,"href":"https:\/\/www.activacomunicacion.com\/index.php\/wp-json\/wp\/v2\/comments?post=4584"}],"version-history":[{"count":1,"href":"https:\/\/www.activacomunicacion.com\/index.php\/wp-json\/wp\/v2\/posts\/4584\/revisions"}],"predecessor-version":[{"id":4586,"href":"https:\/\/www.activacomunicacion.com\/index.php\/wp-json\/wp\/v2\/posts\/4584\/revisions\/4586"}],"wp:featuredmedia":[{"embeddable":true,"href":"https:\/\/www.activacomunicacion.com\/index.php\/wp-json\/wp\/v2\/media\/4585"}],"wp:attachment":[{"href":"https:\/\/www.activacomunicacion.com\/index.php\/wp-json\/wp\/v2\/media?parent=4584"}],"wp:term":[{"taxonomy":"category","embeddable":true,"href":"https:\/\/www.activacomunicacion.com\/index.php\/wp-json\/wp\/v2\/categories?post=4584"},{"taxonomy":"post_tag","embeddable":true,"href":"https:\/\/www.activacomunicacion.com\/index.php\/wp-json\/wp\/v2\/tags?post=4584"}],"curies":[{"name":"wp","href":"https:\/\/api.w.org\/{rel}","templated":true}]}}