{"id":4667,"date":"2026-08-31T08:33:00","date_gmt":"2026-08-31T08:33:00","guid":{"rendered":"https:\/\/www.activacomunicacion.com\/?p=4667"},"modified":"2026-07-26T22:42:21","modified_gmt":"2026-07-26T22:42:21","slug":"dipticos-con-un-diseno-para-que-comuniques-con-impacto","status":"publish","type":"post","link":"https:\/\/www.activacomunicacion.com\/index.php\/2026\/08\/31\/dipticos-con-un-diseno-para-que-comuniques-con-impacto\/","title":{"rendered":"D\u00edpticos con un dise\u00f1o para que comuniques con impacto"},"content":{"rendered":"\n<p>Un buen dise\u00f1o marca la diferencia. En\u00a0<strong>Activa Comunicaci\u00f3n<\/strong>\u00a0nos encargamos del\u00a0<strong>dise\u00f1o, maquetaci\u00f3n e impresi\u00f3n de d\u00edpticos<\/strong>\u00a0totalmente personalizados para que tu mensaje llegue de forma clara, atractiva y profesional.<\/p>\n\n\n\n<p>Creamos piezas adaptadas a la imagen de tu empresa, asociaci\u00f3n, instituci\u00f3n o evento, cuidando cada detalle: distribuci\u00f3n de contenidos, tipograf\u00eda, colores, im\u00e1genes y acabados para conseguir un resultado que transmita confianza y capte la atenci\u00f3n desde el primer vistazo.<\/p>\n\n\n\n<p>Imprimimos en diferentes formatos, gramajes y tipos de papel, utilizando materiales de alta calidad para que tus d\u00edpticos destaquen tanto en campa\u00f1as publicitarias como en ferias, congresos, presentaciones, promociones o acciones informativas.<\/p>\n\n\n\n<p>Si quieres una herramienta de comunicaci\u00f3n elegante, \u00fatil y eficaz, en Activa Comunicaci\u00f3n convertimos tus ideas en un dise\u00f1o que conecta con tu p\u00fablico y deja huella.<\/p>\n\n\n\n<p><strong>Contacta con nosotros y dise\u00f1aremos el d\u00edptico perfecto para tu proyecto.<\/strong><br><strong>659 18 57 20<\/strong><\/p>\n\n\n\n<p>#ActivaComunicaci\u00f3n #Dise\u00f1oGr\u00e1fico #Maquetaci\u00f3n #D\u00edpticos #Impresi\u00f3n #Publicidad #Marketing #Branding #Comunicaci\u00f3nVisual #Empresas #Eventos #HazQueTuMarcaDestaque<\/p>\n","protected":false},"excerpt":{"rendered":"<p>Un buen dise\u00f1o marca la diferencia. En\u00a0Activa Comunicaci\u00f3n\u00a0nos encargamos del\u00a0dise\u00f1o, maquetaci\u00f3n e impresi\u00f3n de d\u00edpticos\u00a0totalmente personalizados para que tu mensaje llegue de forma clara, atractiva y profesional. Creamos piezas adaptadas a la imagen de tu empresa, asociaci\u00f3n, instituci\u00f3n o evento, cuidando cada detalle: distribuci\u00f3n de contenidos, tipograf\u00eda, colores, im\u00e1genes y acabados para conseguir un resultado [&hellip;]<\/p>\n","protected":false},"author":4,"featured_media":4668,"comment_status":"open","ping_status":"closed","sticky":false,"template":"","format":"standard","meta":{"_et_pb_use_builder":"","_et_pb_old_content":"","_et_gb_content_width":"","footnotes":""},"categories":[1],"tags":[23,69,24,25],"class_list":["post-4667","post","type-post","status-publish","format-standard","has-post-thumbnail","hentry","category-uncategorized","tag-comunicacion","tag-dipticos","tag-diseno-grafico","tag-impresion"],"_links":{"self":[{"href":"https:\/\/www.activacomunicacion.com\/index.php\/wp-json\/wp\/v2\/posts\/4667","targetHints":{"allow":["GET"]}}],"collection":[{"href":"https:\/\/www.activacomunicacion.com\/index.php\/wp-json\/wp\/v2\/posts"}],"about":[{"href":"https:\/\/www.activacomunicacion.com\/index.php\/wp-json\/wp\/v2\/types\/post"}],"author":[{"embeddable":true,"href":"https:\/\/www.activacomunicacion.com\/index.php\/wp-json\/wp\/v2\/users\/4"}],"replies":[{"embeddable":true,"href":"https:\/\/www.activacomunicacion.com\/index.php\/wp-json\/wp\/v2\/comments?post=4667"}],"version-history":[{"count":1,"href":"https:\/\/www.activacomunicacion.com\/index.php\/wp-json\/wp\/v2\/posts\/4667\/revisions"}],"predecessor-version":[{"id":4669,"href":"https:\/\/www.activacomunicacion.com\/index.php\/wp-json\/wp\/v2\/posts\/4667\/revisions\/4669"}],"wp:featuredmedia":[{"embeddable":true,"href":"https:\/\/www.activacomunicacion.com\/index.php\/wp-json\/wp\/v2\/media\/4668"}],"wp:attachment":[{"href":"https:\/\/www.activacomunicacion.com\/index.php\/wp-json\/wp\/v2\/media?parent=4667"}],"wp:term":[{"taxonomy":"category","embeddable":true,"href":"https:\/\/www.activacomunicacion.com\/index.php\/wp-json\/wp\/v2\/categories?post=4667"},{"taxonomy":"post_tag","embeddable":true,"href":"https:\/\/www.activacomunicacion.com\/index.php\/wp-json\/wp\/v2\/tags?post=4667"}],"curies":[{"name":"wp","href":"https:\/\/api.w.org\/{rel}","templated":true}]}}