{"id":4674,"date":"2026-09-04T11:16:00","date_gmt":"2026-09-04T11:16:00","guid":{"rendered":"https:\/\/www.activacomunicacion.com\/?p=4674"},"modified":"2026-07-30T11:18:41","modified_gmt":"2026-07-30T11:18:41","slug":"diseno-y-fabricacion-de-letras-corporeas-a-medida","status":"publish","type":"post","link":"https:\/\/www.activacomunicacion.com\/index.php\/2026\/09\/04\/diseno-y-fabricacion-de-letras-corporeas-a-medida\/","title":{"rendered":"Dise\u00f1o y fabricaci\u00f3n de letras corp\u00f3reas a medida"},"content":{"rendered":"\n<p>En\u00a0<strong>Activa Comunicaci\u00f3n<\/strong>\u00a0dise\u00f1amos y fabricamos todo tipo de\u00a0<strong>letras corp\u00f3reas, logotipos, figuras y elementos decorativos personalizados<\/strong>, adapt\u00e1ndonos a las necesidades de cada cliente y proyecto.<\/p>\n\n\n\n<p>Trabajamos en el tama\u00f1o que necesites y con una amplia variedad de materiales, desde PVC, madera o metacrilato hasta aluminio y otros acabados profesionales, ideales para comercios, oficinas, eventos, ferias y espacios p\u00fablicos.<\/p>\n\n\n\n<p>Creamos soluciones \u00fanicas para dar visibilidad a tu marca, con dise\u00f1os modernos y totalmente personalizados que aportan identidad y profesionalidad a cualquier espacio.<\/p>\n\n\n\n<p>Letras, figuras, logotipos, r\u00f3tulos y mucho m\u00e1s, fabricados a medida para que tu idea cobre vida exactamente como la imaginas.<\/p>\n\n\n\n<p>Contacta con nosotros y descubre todas las posibilidades.<\/p>\n\n\n\n<p><strong>Activa Comunicaci\u00f3n: hacemos visible tu marca.<\/strong><\/p>\n\n\n\n<p>659 18 57 20<\/p>\n\n\n\n<p>#ActivaComunicaci\u00f3n #LetrasCorp\u00f3reas #Rotulaci\u00f3n #Dise\u00f1oGr\u00e1fico #Publicidad #Logotipos #Fabricaci\u00f3nPersonalizada #ImagenCorporativa<\/p>\n","protected":false},"excerpt":{"rendered":"<p>En\u00a0Activa Comunicaci\u00f3n\u00a0dise\u00f1amos y fabricamos todo tipo de\u00a0letras corp\u00f3reas, logotipos, figuras y elementos decorativos personalizados, adapt\u00e1ndonos a las necesidades de cada cliente y proyecto. Trabajamos en el tama\u00f1o que necesites y con una amplia variedad de materiales, desde PVC, madera o metacrilato hasta aluminio y otros acabados profesionales, ideales para comercios, oficinas, eventos, ferias y espacios [&hellip;]<\/p>\n","protected":false},"author":4,"featured_media":4675,"comment_status":"open","ping_status":"closed","sticky":false,"template":"","format":"standard","meta":{"_et_pb_use_builder":"off","_et_pb_old_content":"","_et_gb_content_width":"","footnotes":""},"categories":[44,34,47,62],"tags":[23,24,365],"class_list":["post-4674","post","type-post","status-publish","format-standard","has-post-thumbnail","hentry","category-comunicacion","category-diseno","category-eventos","category-fabricacion-de-material-personalizado","tag-comunicacion","tag-diseno-grafico","tag-letras-corporeas-2"],"_links":{"self":[{"href":"https:\/\/www.activacomunicacion.com\/index.php\/wp-json\/wp\/v2\/posts\/4674","targetHints":{"allow":["GET"]}}],"collection":[{"href":"https:\/\/www.activacomunicacion.com\/index.php\/wp-json\/wp\/v2\/posts"}],"about":[{"href":"https:\/\/www.activacomunicacion.com\/index.php\/wp-json\/wp\/v2\/types\/post"}],"author":[{"embeddable":true,"href":"https:\/\/www.activacomunicacion.com\/index.php\/wp-json\/wp\/v2\/users\/4"}],"replies":[{"embeddable":true,"href":"https:\/\/www.activacomunicacion.com\/index.php\/wp-json\/wp\/v2\/comments?post=4674"}],"version-history":[{"count":1,"href":"https:\/\/www.activacomunicacion.com\/index.php\/wp-json\/wp\/v2\/posts\/4674\/revisions"}],"predecessor-version":[{"id":4676,"href":"https:\/\/www.activacomunicacion.com\/index.php\/wp-json\/wp\/v2\/posts\/4674\/revisions\/4676"}],"wp:featuredmedia":[{"embeddable":true,"href":"https:\/\/www.activacomunicacion.com\/index.php\/wp-json\/wp\/v2\/media\/4675"}],"wp:attachment":[{"href":"https:\/\/www.activacomunicacion.com\/index.php\/wp-json\/wp\/v2\/media?parent=4674"}],"wp:term":[{"taxonomy":"category","embeddable":true,"href":"https:\/\/www.activacomunicacion.com\/index.php\/wp-json\/wp\/v2\/categories?post=4674"},{"taxonomy":"post_tag","embeddable":true,"href":"https:\/\/www.activacomunicacion.com\/index.php\/wp-json\/wp\/v2\/tags?post=4674"}],"curies":[{"name":"wp","href":"https:\/\/api.w.org\/{rel}","templated":true}]}}