{"id":928,"date":"2020-06-18T23:22:10","date_gmt":"2020-06-18T23:22:10","guid":{"rendered":"http:\/\/activa-cye.com\/?p=928"},"modified":"2023-08-03T09:03:24","modified_gmt":"2023-08-03T09:03:24","slug":"creacion-de-imagen-de-marca-para-eventos-especiales","status":"publish","type":"post","link":"https:\/\/www.activacomunicacion.com\/index.php\/2020\/06\/18\/creacion-de-imagen-de-marca-para-eventos-especiales\/","title":{"rendered":"Creaci\u00f3n de imagen de marca para eventos especiales"},"content":{"rendered":"<p>\ud83d\udc49\ud83c\udffbLlevamos a cabo el dise\u00f1o de logotipos de marca, digitalizaci\u00f3n, adaptaci\u00f3n y tambi\u00e9n de campa\u00f1as para actuaciones\/eventos temporales para destacar lo que est\u00e9s haciendo en un momento concreto.<\/p>\n<p>\u2705Con esto vamos a conseguir resaltar &nbsp;algo que quieras enfatizar dentro de una campa\u00f1a temporal o acontecimiento enmarcado en fechas concretas para destacar las actuaciones realizadas en dicho per\u00edodo, ya seas partido pol\u00edtico, instituci\u00f3n, empresa o asociaci\u00f3n.<\/p>\n<p>\u2705Llamar\u00e1s la atenci\u00f3n de tu publico, sin descuidar ni dejar de usar tu imagen habitual, conjugando sendas marcas consiguiendo atraer y llegar a m\u00e1s publico del habitual, incluso consolidando m\u00e1s a\u00fan tu marca.<\/p>\n<p>\u27a1\ufe0fEn el caso de este ejemplo, realizado para un ayuntamiento, fue el lanzamiento de la imagen de medidas llevadas a cabo a lo largo del confinamiento por el COVID, y se sigui\u00f3 usando posteriormente (tanto el logo de lema y el fondo de las manos adaptado).<\/p>\n","protected":false},"excerpt":{"rendered":"<p>\ud83d\udc49\ud83c\udffbLlevamos a cabo el dise\u00f1o de logotipos de marca, digitalizaci\u00f3n, adaptaci\u00f3n y tambi\u00e9n de campa\u00f1as para actuaciones\/eventos temporales para destacar lo que est\u00e9s haciendo en un momento concreto. \u2705Con esto vamos a conseguir resaltar &nbsp;algo que quieras enfatizar dentro de una campa\u00f1a temporal o acontecimiento enmarcado en fechas concretas para destacar las actuaciones realizadas en [&hellip;]<\/p>\n","protected":false},"author":4,"featured_media":3672,"comment_status":"closed","ping_status":"closed","sticky":false,"template":"","format":"standard","meta":{"_et_pb_use_builder":"","_et_pb_old_content":"","_et_gb_content_width":"","footnotes":""},"categories":[44,34,40,54,30,33,37,27,38],"tags":[22,31,32,24],"class_list":["post-928","post","type-post","status-publish","format-standard","has-post-thumbnail","hentry","category-comunicacion","category-diseno","category-estrategia-en-red","category-instituciones","category-partidos-politicos","category-pymes","category-redes","category-servicios","category-social-media","tag-activa_","tag-compol","tag-comunitymanager","tag-diseno-grafico"],"_links":{"self":[{"href":"https:\/\/www.activacomunicacion.com\/index.php\/wp-json\/wp\/v2\/posts\/928","targetHints":{"allow":["GET"]}}],"collection":[{"href":"https:\/\/www.activacomunicacion.com\/index.php\/wp-json\/wp\/v2\/posts"}],"about":[{"href":"https:\/\/www.activacomunicacion.com\/index.php\/wp-json\/wp\/v2\/types\/post"}],"author":[{"embeddable":true,"href":"https:\/\/www.activacomunicacion.com\/index.php\/wp-json\/wp\/v2\/users\/4"}],"replies":[{"embeddable":true,"href":"https:\/\/www.activacomunicacion.com\/index.php\/wp-json\/wp\/v2\/comments?post=928"}],"version-history":[{"count":1,"href":"https:\/\/www.activacomunicacion.com\/index.php\/wp-json\/wp\/v2\/posts\/928\/revisions"}],"predecessor-version":[{"id":3673,"href":"https:\/\/www.activacomunicacion.com\/index.php\/wp-json\/wp\/v2\/posts\/928\/revisions\/3673"}],"wp:featuredmedia":[{"embeddable":true,"href":"https:\/\/www.activacomunicacion.com\/index.php\/wp-json\/wp\/v2\/media\/3672"}],"wp:attachment":[{"href":"https:\/\/www.activacomunicacion.com\/index.php\/wp-json\/wp\/v2\/media?parent=928"}],"wp:term":[{"taxonomy":"category","embeddable":true,"href":"https:\/\/www.activacomunicacion.com\/index.php\/wp-json\/wp\/v2\/categories?post=928"},{"taxonomy":"post_tag","embeddable":true,"href":"https:\/\/www.activacomunicacion.com\/index.php\/wp-json\/wp\/v2\/tags?post=928"}],"curies":[{"name":"wp","href":"https:\/\/api.w.org\/{rel}","templated":true}]}}